{"id":23490,"date":"2023-08-21T11:21:26","date_gmt":"2023-08-21T09:21:26","guid":{"rendered":"https:\/\/www.wikeeps.com\/?p=23490"},"modified":"2023-09-21T10:33:53","modified_gmt":"2023-09-21T08:33:53","slug":"la-vendemmia-2015-di-bordeaux","status":"publish","type":"post","link":"https:\/\/www.wikeeps.com\/it\/la-vendemmia-2015-di-bordeaux\/","title":{"rendered":"La vendemmia 2015 di Bordeaux"},"content":{"rendered":"<h2>Introduzione<\/h2>\n<p>La vendemmia 2015 \u00e8 iniziata diverse settimane fa nelle regioni pi\u00f9 calde della Francia, ma ora \u00e8 in pieno svolgimento nella regione di Bordeaux. La vendemmia \u00e8 iniziata con il Merlot, il vitigno pi\u00f9 precoce di Bordeaux, e continuer\u00e0 per diversi giorni con le raccolte di Cabernet Franc e Sauvignon. Quali sono i primi riscontri di questa vendemmia? Possiamo aspettarci una grande annata? Wikeeps vi racconta tutto!<\/p>\n<p><img decoding=\"async\" class=\"aligncenter wp-image-22794 size-full\" src=\"https:\/\/www.wikeeps.com\/wp-content\/uploads\/2023\/07\/paola-capelletto-ZrMY8aNfjYU-unsplash-1.jpg\" alt=\"franciacorta vin\" width=\"640\" height=\"427\" srcset=\"https:\/\/www.wikeeps.com\/wp-content\/uploads\/2023\/07\/paola-capelletto-ZrMY8aNfjYU-unsplash-1.jpg 640w, https:\/\/www.wikeeps.com\/wp-content\/uploads\/2023\/07\/paola-capelletto-ZrMY8aNfjYU-unsplash-1-480x320.jpg 480w\" sizes=\"(min-width: 0px) and (max-width: 480px) 480px, (min-width: 481px) 640px, 100vw\" \/><\/p>\n<p>Secondo molti viticoltori, c&#8217;erano le condizioni per fare del 2015 un&#8217;ottima annata: la fioritura \u00e8 stata rapida, lo stress idrico causato dal caldo di luglio \u00e8 stato benefico, la maturazione delle viti \u00e8 stata precoce e le piogge di agosto non sono state troppo abbondanti. Inoltre, le viti sono state risparmiate dalla grandine, il che ha giocato a favore dell&#8217;annata.<\/p>\n<p>Anche in cantina la magia sta funzionando. I primi riscontri sono stati entusiastici. Dalla C\u00f4tes de Bourg a Saint-\u00c9milion, tutti concordano sul fatto che l&#8217;annata 2015 sar\u00e0 di altissimo livello. &#8220;Paragonabile al 2005 e al 2010&#8221;, dicono alcuni. I viticoltori lodano la qualit\u00e0 dei grappoli, che presentano pochi vinaccioli e una buccia spessa che determina tannini raffinati, nonch\u00e9 il sapore dei succhi.<\/p>\n<p>&nbsp;<\/p>\n<h2>Conclusione<\/h2>\n<p>Per sfruttare al meglio questi vini, Wikeeps vi offre i suoi <a href=\"https:\/\/www.wikeeps.com\/it\/mescita-del-vino-da-wikeeps\/\"><strong>sistemi di conservazione<\/strong><\/a> e servizio Essentiel e Grandioso, che vi permetteranno di gustare una bottiglia fino a 20 giorni dopo l&#8217;apertura. Inoltre, per mantenere il vino alla temperatura ottimale, Wikeeps ha progettato i sistemi di <a href=\"https:\/\/www.wikeeps.com\/it\/cantina\/raffreddamento-del-vino\/cantina-da-banco\/\"><strong>refrigerazione Wibox<\/strong><\/a>, perfetti per conservare le vostre bottiglie migliori.<\/p>\n<p>Non esitate a seguirci su Facebook e Twitter per ricevere tutte le ultime novit\u00e0 e scoprire i nostri prodotti. A presto!<\/p>\n","protected":false},"excerpt":{"rendered":"<p>Introduzione La vendemmia 2015 \u00e8 iniziata diverse settimane fa nelle regioni pi\u00f9 calde della Francia, ma ora \u00e8 in pieno svolgimento nella regione di Bordeaux. La vendemmia \u00e8 iniziata con il Merlot, il vitigno pi\u00f9 precoce di Bordeaux, e continuer\u00e0 per diversi giorni con le raccolte di Cabernet Franc e Sauvignon. Quali sono i primi [&hellip;]<\/p>\n","protected":false},"author":551,"featured_media":22777,"comment_status":"closed","ping_status":"closed","sticky":false,"template":"","format":"standard","meta":{"_et_pb_use_builder":"","_et_pb_old_content":"","_et_gb_content_width":"","footnotes":""},"categories":[366],"tags":[376],"class_list":["post-23490","post","type-post","status-publish","format-standard","has-post-thumbnail","hentry","category-a-proposito-di-wikeeps-it","tag-wikeeps-fr-it"],"yoast_head":"<!-- This site is optimized with the Yoast SEO plugin v27.4 - https:\/\/yoast.com\/product\/yoast-seo-wordpress\/ -->\n<title>La vendemmia 2015 di Bordeaux - Wikeeps<\/title>\n<meta name=\"description\" content=\"Decrittazione della vendemmia 2015 a Bordeaux, argomento chiave per gli appassionati di vino, con informazioni fornite da Wikeeps.\" \/>\n<meta name=\"robots\" content=\"index, follow, max-snippet:-1, max-image-preview:large, max-video-preview:-1\" \/>\n<link rel=\"canonical\" href=\"https:\/\/www.wikeeps.com\/it\/la-vendemmia-2015-di-bordeaux\/\" \/>\n<meta property=\"og:locale\" content=\"it_IT\" \/>\n<meta property=\"og:type\" content=\"article\" \/>\n<meta property=\"og:title\" content=\"La vendemmia 2015 di Bordeaux - Wikeeps\" \/>\n<meta property=\"og:description\" content=\"Decrittazione della vendemmia 2015 a Bordeaux, argomento chiave per gli appassionati di vino, con informazioni fornite da Wikeeps.\" \/>\n<meta property=\"og:url\" content=\"https:\/\/www.wikeeps.com\/it\/la-vendemmia-2015-di-bordeaux\/\" \/>\n<meta property=\"og:site_name\" content=\"Wikeeps\" \/>\n<meta property=\"article:publisher\" content=\"https:\/\/www.facebook.com\/wikeepsFr\" \/>\n<meta property=\"article:published_time\" content=\"2023-08-21T09:21:26+00:00\" \/>\n<meta property=\"article:modified_time\" content=\"2023-09-21T08:33:53+00:00\" \/>\n<meta property=\"og:image\" content=\"https:\/\/www.wikeeps.com\/wp-content\/uploads\/2023\/07\/paola-capelletto-ZrMY8aNfjYU-unsplash.jpg\" \/>\n\t<meta property=\"og:image:width\" content=\"640\" \/>\n\t<meta property=\"og:image:height\" content=\"427\" \/>\n\t<meta property=\"og:image:type\" content=\"image\/jpeg\" \/>\n<meta name=\"author\" content=\"Laurent Prigent\" \/>\n<meta name=\"twitter:card\" content=\"summary_large_image\" \/>\n<meta name=\"twitter:creator\" content=\"@WIKEEPS\" \/>\n<meta name=\"twitter:site\" content=\"@WIKEEPS\" \/>\n<meta name=\"twitter:label1\" content=\"Scritto da\" \/>\n\t<meta name=\"twitter:data1\" content=\"Laurent Prigent\" \/>\n\t<meta name=\"twitter:label2\" content=\"Tempo di lettura stimato\" \/>\n\t<meta name=\"twitter:data2\" content=\"2 minuti\" \/>\n<script type=\"application\/ld+json\" class=\"yoast-schema-graph\">{\"@context\":\"https:\\\/\\\/schema.org\",\"@graph\":[{\"@type\":\"Article\",\"@id\":\"https:\\\/\\\/www.wikeeps.com\\\/it\\\/la-vendemmia-2015-di-bordeaux\\\/#article\",\"isPartOf\":{\"@id\":\"https:\\\/\\\/www.wikeeps.com\\\/it\\\/la-vendemmia-2015-di-bordeaux\\\/\"},\"author\":{\"name\":\"Laurent Prigent\",\"@id\":\"https:\\\/\\\/www.wikeeps.com\\\/it\\\/#\\\/schema\\\/person\\\/9533d59e9a6af1774531ac1bc57e4ba9\"},\"headline\":\"La vendemmia 2015 di Bordeaux\",\"datePublished\":\"2023-08-21T09:21:26+00:00\",\"dateModified\":\"2023-09-21T08:33:53+00:00\",\"mainEntityOfPage\":{\"@id\":\"https:\\\/\\\/www.wikeeps.com\\\/it\\\/la-vendemmia-2015-di-bordeaux\\\/\"},\"wordCount\":267,\"publisher\":{\"@id\":\"https:\\\/\\\/www.wikeeps.com\\\/it\\\/#organization\"},\"image\":{\"@id\":\"https:\\\/\\\/www.wikeeps.com\\\/it\\\/la-vendemmia-2015-di-bordeaux\\\/#primaryimage\"},\"thumbnailUrl\":\"https:\\\/\\\/www.wikeeps.com\\\/wp-content\\\/uploads\\\/2023\\\/07\\\/paola-capelletto-ZrMY8aNfjYU-unsplash.jpg\",\"keywords\":[\"wikeeps\"],\"articleSection\":[\"A proposito di Wikeeps\"],\"inLanguage\":\"it-IT\"},{\"@type\":\"WebPage\",\"@id\":\"https:\\\/\\\/www.wikeeps.com\\\/it\\\/la-vendemmia-2015-di-bordeaux\\\/\",\"url\":\"https:\\\/\\\/www.wikeeps.com\\\/it\\\/la-vendemmia-2015-di-bordeaux\\\/\",\"name\":\"La vendemmia 2015 di Bordeaux - Wikeeps\",\"isPartOf\":{\"@id\":\"https:\\\/\\\/www.wikeeps.com\\\/it\\\/#website\"},\"primaryImageOfPage\":{\"@id\":\"https:\\\/\\\/www.wikeeps.com\\\/it\\\/la-vendemmia-2015-di-bordeaux\\\/#primaryimage\"},\"image\":{\"@id\":\"https:\\\/\\\/www.wikeeps.com\\\/it\\\/la-vendemmia-2015-di-bordeaux\\\/#primaryimage\"},\"thumbnailUrl\":\"https:\\\/\\\/www.wikeeps.com\\\/wp-content\\\/uploads\\\/2023\\\/07\\\/paola-capelletto-ZrMY8aNfjYU-unsplash.jpg\",\"datePublished\":\"2023-08-21T09:21:26+00:00\",\"dateModified\":\"2023-09-21T08:33:53+00:00\",\"description\":\"Decrittazione della vendemmia 2015 a Bordeaux, argomento chiave per gli appassionati di vino, con informazioni fornite da Wikeeps.\",\"breadcrumb\":{\"@id\":\"https:\\\/\\\/www.wikeeps.com\\\/it\\\/la-vendemmia-2015-di-bordeaux\\\/#breadcrumb\"},\"inLanguage\":\"it-IT\",\"potentialAction\":[{\"@type\":\"ReadAction\",\"target\":[\"https:\\\/\\\/www.wikeeps.com\\\/it\\\/la-vendemmia-2015-di-bordeaux\\\/\"]}]},{\"@type\":\"ImageObject\",\"inLanguage\":\"it-IT\",\"@id\":\"https:\\\/\\\/www.wikeeps.com\\\/it\\\/la-vendemmia-2015-di-bordeaux\\\/#primaryimage\",\"url\":\"https:\\\/\\\/www.wikeeps.com\\\/wp-content\\\/uploads\\\/2023\\\/07\\\/paola-capelletto-ZrMY8aNfjYU-unsplash.jpg\",\"contentUrl\":\"https:\\\/\\\/www.wikeeps.com\\\/wp-content\\\/uploads\\\/2023\\\/07\\\/paola-capelletto-ZrMY8aNfjYU-unsplash.jpg\",\"width\":640,\"height\":427,\"caption\":\"franciacorta vin\"},{\"@type\":\"BreadcrumbList\",\"@id\":\"https:\\\/\\\/www.wikeeps.com\\\/it\\\/la-vendemmia-2015-di-bordeaux\\\/#breadcrumb\",\"itemListElement\":[{\"@type\":\"ListItem\",\"position\":1,\"name\":\"Accueil\",\"item\":\"https:\\\/\\\/www.wikeeps.com\\\/it\\\/vino-al-calice\\\/\"},{\"@type\":\"ListItem\",\"position\":2,\"name\":\"La vendemmia 2015 di Bordeaux\"}]},{\"@type\":\"WebSite\",\"@id\":\"https:\\\/\\\/www.wikeeps.com\\\/it\\\/#website\",\"url\":\"https:\\\/\\\/www.wikeeps.com\\\/it\\\/\",\"name\":\"Wikeeps\",\"description\":\"Service, a\u00e9ration et conservation | vin au verre\",\"publisher\":{\"@id\":\"https:\\\/\\\/www.wikeeps.com\\\/it\\\/#organization\"},\"potentialAction\":[{\"@type\":\"SearchAction\",\"target\":{\"@type\":\"EntryPoint\",\"urlTemplate\":\"https:\\\/\\\/www.wikeeps.com\\\/it\\\/?s={search_term_string}\"},\"query-input\":{\"@type\":\"PropertyValueSpecification\",\"valueRequired\":true,\"valueName\":\"search_term_string\"}}],\"inLanguage\":\"it-IT\"},{\"@type\":\"Organization\",\"@id\":\"https:\\\/\\\/www.wikeeps.com\\\/it\\\/#organization\",\"name\":\"Wikeeps\",\"url\":\"https:\\\/\\\/www.wikeeps.com\\\/it\\\/\",\"logo\":{\"@type\":\"ImageObject\",\"inLanguage\":\"it-IT\",\"@id\":\"https:\\\/\\\/www.wikeeps.com\\\/it\\\/#\\\/schema\\\/logo\\\/image\\\/\",\"url\":\"https:\\\/\\\/www.wikeeps.com\\\/wp-content\\\/uploads\\\/2025\\\/01\\\/Logo-Wikeeps.png\",\"contentUrl\":\"https:\\\/\\\/www.wikeeps.com\\\/wp-content\\\/uploads\\\/2025\\\/01\\\/Logo-Wikeeps.png\",\"width\":1000,\"height\":184,\"caption\":\"Wikeeps\"},\"image\":{\"@id\":\"https:\\\/\\\/www.wikeeps.com\\\/it\\\/#\\\/schema\\\/logo\\\/image\\\/\"},\"sameAs\":[\"https:\\\/\\\/www.facebook.com\\\/wikeepsFr\",\"https:\\\/\\\/x.com\\\/WIKEEPS\",\"https:\\\/\\\/www.instagram.com\\\/wikeeps\\\/\"]},{\"@type\":\"Person\",\"@id\":\"https:\\\/\\\/www.wikeeps.com\\\/it\\\/#\\\/schema\\\/person\\\/9533d59e9a6af1774531ac1bc57e4ba9\",\"name\":\"Laurent Prigent\",\"image\":{\"@type\":\"ImageObject\",\"inLanguage\":\"it-IT\",\"@id\":\"https:\\\/\\\/secure.gravatar.com\\\/avatar\\\/02724f4a511dc2b29adea07e86ba232e43d2c6bc729f4b66504f2bc698619e16?s=96&d=mm&r=g\",\"url\":\"https:\\\/\\\/secure.gravatar.com\\\/avatar\\\/02724f4a511dc2b29adea07e86ba232e43d2c6bc729f4b66504f2bc698619e16?s=96&d=mm&r=g\",\"contentUrl\":\"https:\\\/\\\/secure.gravatar.com\\\/avatar\\\/02724f4a511dc2b29adea07e86ba232e43d2c6bc729f4b66504f2bc698619e16?s=96&d=mm&r=g\",\"caption\":\"Laurent Prigent\"},\"sameAs\":[\"https:\\\/\\\/wikeeps.com\"]}]}<\/script>\n<!-- \/ Yoast SEO plugin. -->","yoast_head_json":{"title":"La vendemmia 2015 di Bordeaux - Wikeeps","description":"Decrittazione della vendemmia 2015 a Bordeaux, argomento chiave per gli appassionati di vino, con informazioni fornite da Wikeeps.","robots":{"index":"index","follow":"follow","max-snippet":"max-snippet:-1","max-image-preview":"max-image-preview:large","max-video-preview":"max-video-preview:-1"},"canonical":"https:\/\/www.wikeeps.com\/it\/la-vendemmia-2015-di-bordeaux\/","og_locale":"it_IT","og_type":"article","og_title":"La vendemmia 2015 di Bordeaux - Wikeeps","og_description":"Decrittazione della vendemmia 2015 a Bordeaux, argomento chiave per gli appassionati di vino, con informazioni fornite da Wikeeps.","og_url":"https:\/\/www.wikeeps.com\/it\/la-vendemmia-2015-di-bordeaux\/","og_site_name":"Wikeeps","article_publisher":"https:\/\/www.facebook.com\/wikeepsFr","article_published_time":"2023-08-21T09:21:26+00:00","article_modified_time":"2023-09-21T08:33:53+00:00","og_image":[{"width":640,"height":427,"url":"https:\/\/www.wikeeps.com\/wp-content\/uploads\/2023\/07\/paola-capelletto-ZrMY8aNfjYU-unsplash.jpg","type":"image\/jpeg"}],"author":"Laurent Prigent","twitter_card":"summary_large_image","twitter_creator":"@WIKEEPS","twitter_site":"@WIKEEPS","twitter_misc":{"Scritto da":"Laurent Prigent","Tempo di lettura stimato":"2 minuti"},"schema":{"@context":"https:\/\/schema.org","@graph":[{"@type":"Article","@id":"https:\/\/www.wikeeps.com\/it\/la-vendemmia-2015-di-bordeaux\/#article","isPartOf":{"@id":"https:\/\/www.wikeeps.com\/it\/la-vendemmia-2015-di-bordeaux\/"},"author":{"name":"Laurent Prigent","@id":"https:\/\/www.wikeeps.com\/it\/#\/schema\/person\/9533d59e9a6af1774531ac1bc57e4ba9"},"headline":"La vendemmia 2015 di Bordeaux","datePublished":"2023-08-21T09:21:26+00:00","dateModified":"2023-09-21T08:33:53+00:00","mainEntityOfPage":{"@id":"https:\/\/www.wikeeps.com\/it\/la-vendemmia-2015-di-bordeaux\/"},"wordCount":267,"publisher":{"@id":"https:\/\/www.wikeeps.com\/it\/#organization"},"image":{"@id":"https:\/\/www.wikeeps.com\/it\/la-vendemmia-2015-di-bordeaux\/#primaryimage"},"thumbnailUrl":"https:\/\/www.wikeeps.com\/wp-content\/uploads\/2023\/07\/paola-capelletto-ZrMY8aNfjYU-unsplash.jpg","keywords":["wikeeps"],"articleSection":["A proposito di Wikeeps"],"inLanguage":"it-IT"},{"@type":"WebPage","@id":"https:\/\/www.wikeeps.com\/it\/la-vendemmia-2015-di-bordeaux\/","url":"https:\/\/www.wikeeps.com\/it\/la-vendemmia-2015-di-bordeaux\/","name":"La vendemmia 2015 di Bordeaux - Wikeeps","isPartOf":{"@id":"https:\/\/www.wikeeps.com\/it\/#website"},"primaryImageOfPage":{"@id":"https:\/\/www.wikeeps.com\/it\/la-vendemmia-2015-di-bordeaux\/#primaryimage"},"image":{"@id":"https:\/\/www.wikeeps.com\/it\/la-vendemmia-2015-di-bordeaux\/#primaryimage"},"thumbnailUrl":"https:\/\/www.wikeeps.com\/wp-content\/uploads\/2023\/07\/paola-capelletto-ZrMY8aNfjYU-unsplash.jpg","datePublished":"2023-08-21T09:21:26+00:00","dateModified":"2023-09-21T08:33:53+00:00","description":"Decrittazione della vendemmia 2015 a Bordeaux, argomento chiave per gli appassionati di vino, con informazioni fornite da Wikeeps.","breadcrumb":{"@id":"https:\/\/www.wikeeps.com\/it\/la-vendemmia-2015-di-bordeaux\/#breadcrumb"},"inLanguage":"it-IT","potentialAction":[{"@type":"ReadAction","target":["https:\/\/www.wikeeps.com\/it\/la-vendemmia-2015-di-bordeaux\/"]}]},{"@type":"ImageObject","inLanguage":"it-IT","@id":"https:\/\/www.wikeeps.com\/it\/la-vendemmia-2015-di-bordeaux\/#primaryimage","url":"https:\/\/www.wikeeps.com\/wp-content\/uploads\/2023\/07\/paola-capelletto-ZrMY8aNfjYU-unsplash.jpg","contentUrl":"https:\/\/www.wikeeps.com\/wp-content\/uploads\/2023\/07\/paola-capelletto-ZrMY8aNfjYU-unsplash.jpg","width":640,"height":427,"caption":"franciacorta vin"},{"@type":"BreadcrumbList","@id":"https:\/\/www.wikeeps.com\/it\/la-vendemmia-2015-di-bordeaux\/#breadcrumb","itemListElement":[{"@type":"ListItem","position":1,"name":"Accueil","item":"https:\/\/www.wikeeps.com\/it\/vino-al-calice\/"},{"@type":"ListItem","position":2,"name":"La vendemmia 2015 di Bordeaux"}]},{"@type":"WebSite","@id":"https:\/\/www.wikeeps.com\/it\/#website","url":"https:\/\/www.wikeeps.com\/it\/","name":"Wikeeps","description":"Service, a\u00e9ration et conservation | vin au verre","publisher":{"@id":"https:\/\/www.wikeeps.com\/it\/#organization"},"potentialAction":[{"@type":"SearchAction","target":{"@type":"EntryPoint","urlTemplate":"https:\/\/www.wikeeps.com\/it\/?s={search_term_string}"},"query-input":{"@type":"PropertyValueSpecification","valueRequired":true,"valueName":"search_term_string"}}],"inLanguage":"it-IT"},{"@type":"Organization","@id":"https:\/\/www.wikeeps.com\/it\/#organization","name":"Wikeeps","url":"https:\/\/www.wikeeps.com\/it\/","logo":{"@type":"ImageObject","inLanguage":"it-IT","@id":"https:\/\/www.wikeeps.com\/it\/#\/schema\/logo\/image\/","url":"https:\/\/www.wikeeps.com\/wp-content\/uploads\/2025\/01\/Logo-Wikeeps.png","contentUrl":"https:\/\/www.wikeeps.com\/wp-content\/uploads\/2025\/01\/Logo-Wikeeps.png","width":1000,"height":184,"caption":"Wikeeps"},"image":{"@id":"https:\/\/www.wikeeps.com\/it\/#\/schema\/logo\/image\/"},"sameAs":["https:\/\/www.facebook.com\/wikeepsFr","https:\/\/x.com\/WIKEEPS","https:\/\/www.instagram.com\/wikeeps\/"]},{"@type":"Person","@id":"https:\/\/www.wikeeps.com\/it\/#\/schema\/person\/9533d59e9a6af1774531ac1bc57e4ba9","name":"Laurent Prigent","image":{"@type":"ImageObject","inLanguage":"it-IT","@id":"https:\/\/secure.gravatar.com\/avatar\/02724f4a511dc2b29adea07e86ba232e43d2c6bc729f4b66504f2bc698619e16?s=96&d=mm&r=g","url":"https:\/\/secure.gravatar.com\/avatar\/02724f4a511dc2b29adea07e86ba232e43d2c6bc729f4b66504f2bc698619e16?s=96&d=mm&r=g","contentUrl":"https:\/\/secure.gravatar.com\/avatar\/02724f4a511dc2b29adea07e86ba232e43d2c6bc729f4b66504f2bc698619e16?s=96&d=mm&r=g","caption":"Laurent Prigent"},"sameAs":["https:\/\/wikeeps.com"]}]}},"_links":{"self":[{"href":"https:\/\/www.wikeeps.com\/it\/wp-json\/wp\/v2\/posts\/23490","targetHints":{"allow":["GET"]}}],"collection":[{"href":"https:\/\/www.wikeeps.com\/it\/wp-json\/wp\/v2\/posts"}],"about":[{"href":"https:\/\/www.wikeeps.com\/it\/wp-json\/wp\/v2\/types\/post"}],"author":[{"embeddable":true,"href":"https:\/\/www.wikeeps.com\/it\/wp-json\/wp\/v2\/users\/551"}],"replies":[{"embeddable":true,"href":"https:\/\/www.wikeeps.com\/it\/wp-json\/wp\/v2\/comments?post=23490"}],"version-history":[{"count":0,"href":"https:\/\/www.wikeeps.com\/it\/wp-json\/wp\/v2\/posts\/23490\/revisions"}],"wp:featuredmedia":[{"embeddable":true,"href":"https:\/\/www.wikeeps.com\/it\/wp-json\/wp\/v2\/media\/22777"}],"wp:attachment":[{"href":"https:\/\/www.wikeeps.com\/it\/wp-json\/wp\/v2\/media?parent=23490"}],"wp:term":[{"taxonomy":"category","embeddable":true,"href":"https:\/\/www.wikeeps.com\/it\/wp-json\/wp\/v2\/categories?post=23490"},{"taxonomy":"post_tag","embeddable":true,"href":"https:\/\/www.wikeeps.com\/it\/wp-json\/wp\/v2\/tags?post=23490"}],"curies":[{"name":"wp","href":"https:\/\/api.w.org\/{rel}","templated":true}]}}