{"id":23426,"date":"2023-08-18T10:09:32","date_gmt":"2023-08-18T08:09:32","guid":{"rendered":"https:\/\/www.wikeeps.com\/?p=23426"},"modified":"2023-09-21T10:44:28","modified_gmt":"2023-09-21T08:44:28","slug":"wikeeps-al-vinitech-sifel-2016","status":"publish","type":"post","link":"https:\/\/www.wikeeps.com\/it\/wikeeps-al-vinitech-sifel-2016\/","title":{"rendered":"Wikeeps al Vinitech Sifel 2016"},"content":{"rendered":"<h2>La fiera Vinitech Sifel<\/h2>\n<p>WIKEEPS \u00e8 presente anche quest&#8217;anno alla fiera Vinitech Sifel, dedicata alle attrezzature e ai servizi per l&#8217;industria del vino.<br \/>\n(29 novembre &#8211; 1 dicembre &#8211; Parc des Expositions, Bordeaux)<\/p>\n<h3>Innovazione in prima linea!<\/h3>\n<p>Quest&#8217;anno Vinitech-Sifel metter\u00e0 in evidenza i progressi tecnologici, con le ultime tendenze in fatto di attrezzature e prodotti presentate dagli espositori.<\/p>\n<p>I visitatori potranno inoltre scoprire le innovazioni premiate da 3 concorsi: il 20\u00b0 Troph\u00e9es de l&#8217;Innovation, l&#8217;11\u00b0 Troph\u00e9e de l&#8217;Oenovation\u00ae e il 1\u00b0 Grand Prix Innovation et D\u00e9veloppement de l&#8217;Acad\u00e9mie Amorim.<\/p>\n<p><img decoding=\"async\" class=\"aligncenter wp-image-22541 size-large\" src=\"https:\/\/www.wikeeps.com\/wp-content\/uploads\/2017\/06\/1200x680_vienxpo_dedans-1024x580.jpg\" alt=\"Salon Vinexpo\" width=\"1024\" height=\"580\" srcset=\"https:\/\/www.wikeeps.com\/wp-content\/uploads\/2017\/06\/1200x680_vienxpo_dedans-1024x580.jpg 1024w, https:\/\/www.wikeeps.com\/wp-content\/uploads\/2017\/06\/1200x680_vienxpo_dedans-980x555.jpg 980w, https:\/\/www.wikeeps.com\/wp-content\/uploads\/2017\/06\/1200x680_vienxpo_dedans-480x272.jpg 480w\" sizes=\"(min-width: 0px) and (max-width: 480px) 480px, (min-width: 481px) and (max-width: 980px) 980px, (min-width: 981px) 1024px, 100vw\" \/><\/p>\n<h2><\/h2>\n<h2 style=\"text-align: justify;\"><strong>Wikeeps<\/strong><\/h2>\n<p>Nel 2012, Wikeeps \u00e8 stato il vincitore del Troph\u00e9e Oenovation organizzato dal Technopole de Bordeaux Montesquieu e premiato per l&#8217;innovazione nel settore vinicolo.<\/p>\n<p>Quest&#8217;anno, Wikeeps presenter\u00e0 la sua gamma completa di soluzioni per ottimizzare <a href=\"https:\/\/www.wikeeps.com\/it\/mescita-del-vino-da-wikeeps\/\"><strong>la qualit\u00e0 e la conservazione<\/strong><\/a> dei vostri vini, nonch\u00e9 per ottimizzare i costi di degustazione in cantina o alle fiere.<\/p>\n<p>Poich\u00e9 i modelli di consumo sono cambiati e il turismo del vino \u00e8 in aumento, la degustazione di bottiglie di vino in azienda sta diventando quasi obbligatoria. Per i domini, la degustazione rimane il modo migliore per vendere i propri vini.<\/p>\n<p>Un problema \u00e8 il costo della degustazione: aprire diverse bottiglie per servirne solo pochi centilitri. Non \u00e8 raro che uno ch\u00e2teau butti via l&#8217;equivalente di pi\u00f9 di 10 casse di vino all&#8217;anno.<\/p>\n<p>Il problema si pone anche con le piccole annate che non possono essere facilmente spinte alla degustazione.<\/p>\n<p>In risposta a questi problemi, Wikeeps a Bordeaux ha sviluppato l&#8217;unico sistema francese per conservare e servire il vino al bicchiere.<\/p>\n<p>Utilizza <a href=\"https:\/\/www.wikeeps.com\/it\/cantina\/capsule-argon\/\"><strong>capsule di gas enologico<\/strong><\/a> (una miscela di Argon e CO2) prodotte in collaborazione con il gruppo Linde.<\/p>\n<p>Il sistema Wikeeps \u00e8 leggero, efficiente e facile da usare e viene posizionato direttamente sulla bottiglia non appena questa viene aperta. Di conseguenza, il vino pu\u00f2 essere servito e conservato fino a 20 giorni dopo l&#8217;apertura, grazie alla qualit\u00e0 del gas enologico contenuto nella cartuccia.<\/p>\n<p>I viticoltori beneficiano di uno strumento semplice ed economico che consente loro di controllare i costi di degustazione, garantendo al contempo assaggi di qualit\u00e0 dei loro vini per provocarne l&#8217;acquisto.<\/p>\n<p>L&#8217;intera gamma di prodotti \u00e8 disponibile sul sito web Wikeeps.fr.<\/p>\n<p>Unisciti alla comunit\u00e0 WIKEEPS!<\/p>\n<p>Non esitate a seguire WIKEEPS\u00ae su Facebook, Twitter e Instagram per essere sempre aggiornati sulle novit\u00e0 di Wine-by-the-glass e per saperne di pi\u00f9 sui prodotti. A presto!<\/p>\n<div id=\"gtx-trans\" style=\"position: absolute; left: 789px; top: 1036.33px;\">\n<div class=\"gtx-trans-icon\"><\/div>\n<\/div>\n","protected":false},"excerpt":{"rendered":"<p>La fiera Vinitech Sifel WIKEEPS \u00e8 presente anche quest&#8217;anno alla fiera Vinitech Sifel, dedicata alle attrezzature e ai servizi per l&#8217;industria del vino. (29 novembre &#8211; 1 dicembre &#8211; Parc des Expositions, Bordeaux) Innovazione in prima linea! Quest&#8217;anno Vinitech-Sifel metter\u00e0 in evidenza i progressi tecnologici, con le ultime tendenze in fatto di attrezzature e prodotti [&hellip;]<\/p>\n","protected":false},"author":551,"featured_media":22543,"comment_status":"closed","ping_status":"closed","sticky":false,"template":"","format":"standard","meta":{"_et_pb_use_builder":"","_et_pb_old_content":"","_et_gb_content_width":"","footnotes":""},"categories":[306],"tags":[],"class_list":["post-23426","post","type-post","status-publish","format-standard","has-post-thumbnail","hentry","category-a-proposito-di-wikeeps"],"yoast_head":"<!-- This site is optimized with the Yoast SEO plugin v27.4 - https:\/\/yoast.com\/product\/yoast-seo-wordpress\/ -->\n<title>Wikeeps al Vinitech Sifel 2016 - Wikeeps<\/title>\n<meta name=\"description\" content=\"WIKEEPS torna anche quest&#039;anno al Salon Vinitech Sifel, fiera di attrezzature e servizi dedicati al settore enologico.\" \/>\n<meta name=\"robots\" content=\"index, follow, max-snippet:-1, max-image-preview:large, max-video-preview:-1\" \/>\n<link rel=\"canonical\" href=\"https:\/\/www.wikeeps.com\/it\/wikeeps-al-vinitech-sifel-2016\/\" \/>\n<meta property=\"og:locale\" content=\"it_IT\" \/>\n<meta property=\"og:type\" content=\"article\" \/>\n<meta property=\"og:title\" content=\"Wikeeps al Vinitech Sifel 2016 - Wikeeps\" \/>\n<meta property=\"og:description\" content=\"WIKEEPS torna anche quest&#039;anno al Salon Vinitech Sifel, fiera di attrezzature e servizi dedicati al settore enologico.\" \/>\n<meta property=\"og:url\" content=\"https:\/\/www.wikeeps.com\/it\/wikeeps-al-vinitech-sifel-2016\/\" \/>\n<meta property=\"og:site_name\" content=\"Wikeeps\" \/>\n<meta property=\"article:publisher\" content=\"https:\/\/www.facebook.com\/wikeepsFr\" \/>\n<meta property=\"article:published_time\" content=\"2023-08-18T08:09:32+00:00\" \/>\n<meta property=\"article:modified_time\" content=\"2023-09-21T08:44:28+00:00\" \/>\n<meta property=\"og:image\" content=\"https:\/\/www.wikeeps.com\/wp-content\/uploads\/2017\/06\/1200x680_vienxpo_dedans.jpg\" \/>\n\t<meta property=\"og:image:width\" content=\"1200\" \/>\n\t<meta property=\"og:image:height\" content=\"680\" \/>\n\t<meta property=\"og:image:type\" content=\"image\/jpeg\" \/>\n<meta name=\"author\" content=\"Laurent Prigent\" \/>\n<meta name=\"twitter:card\" content=\"summary_large_image\" \/>\n<meta name=\"twitter:creator\" content=\"@WIKEEPS\" \/>\n<meta name=\"twitter:site\" content=\"@WIKEEPS\" \/>\n<meta name=\"twitter:label1\" content=\"Scritto da\" \/>\n\t<meta name=\"twitter:data1\" content=\"Laurent Prigent\" \/>\n\t<meta name=\"twitter:label2\" content=\"Tempo di lettura stimato\" \/>\n\t<meta name=\"twitter:data2\" content=\"3 minuti\" \/>\n<script type=\"application\/ld+json\" class=\"yoast-schema-graph\">{\"@context\":\"https:\\\/\\\/schema.org\",\"@graph\":[{\"@type\":\"Article\",\"@id\":\"https:\\\/\\\/www.wikeeps.com\\\/it\\\/wikeeps-al-vinitech-sifel-2016\\\/#article\",\"isPartOf\":{\"@id\":\"https:\\\/\\\/www.wikeeps.com\\\/it\\\/wikeeps-al-vinitech-sifel-2016\\\/\"},\"author\":{\"name\":\"Laurent Prigent\",\"@id\":\"https:\\\/\\\/www.wikeeps.com\\\/it\\\/#\\\/schema\\\/person\\\/9533d59e9a6af1774531ac1bc57e4ba9\"},\"headline\":\"Wikeeps al Vinitech Sifel 2016\",\"datePublished\":\"2023-08-18T08:09:32+00:00\",\"dateModified\":\"2023-09-21T08:44:28+00:00\",\"mainEntityOfPage\":{\"@id\":\"https:\\\/\\\/www.wikeeps.com\\\/it\\\/wikeeps-al-vinitech-sifel-2016\\\/\"},\"wordCount\":399,\"publisher\":{\"@id\":\"https:\\\/\\\/www.wikeeps.com\\\/it\\\/#organization\"},\"image\":{\"@id\":\"https:\\\/\\\/www.wikeeps.com\\\/it\\\/wikeeps-al-vinitech-sifel-2016\\\/#primaryimage\"},\"thumbnailUrl\":\"https:\\\/\\\/www.wikeeps.com\\\/wp-content\\\/uploads\\\/2017\\\/06\\\/1200x680_vienxpo_dedans.jpg\",\"articleSection\":[\"A proposito di Wikeeps\"],\"inLanguage\":\"it-IT\"},{\"@type\":\"WebPage\",\"@id\":\"https:\\\/\\\/www.wikeeps.com\\\/it\\\/wikeeps-al-vinitech-sifel-2016\\\/\",\"url\":\"https:\\\/\\\/www.wikeeps.com\\\/it\\\/wikeeps-al-vinitech-sifel-2016\\\/\",\"name\":\"Wikeeps al Vinitech Sifel 2016 - Wikeeps\",\"isPartOf\":{\"@id\":\"https:\\\/\\\/www.wikeeps.com\\\/it\\\/#website\"},\"primaryImageOfPage\":{\"@id\":\"https:\\\/\\\/www.wikeeps.com\\\/it\\\/wikeeps-al-vinitech-sifel-2016\\\/#primaryimage\"},\"image\":{\"@id\":\"https:\\\/\\\/www.wikeeps.com\\\/it\\\/wikeeps-al-vinitech-sifel-2016\\\/#primaryimage\"},\"thumbnailUrl\":\"https:\\\/\\\/www.wikeeps.com\\\/wp-content\\\/uploads\\\/2017\\\/06\\\/1200x680_vienxpo_dedans.jpg\",\"datePublished\":\"2023-08-18T08:09:32+00:00\",\"dateModified\":\"2023-09-21T08:44:28+00:00\",\"description\":\"WIKEEPS torna anche quest'anno al Salon Vinitech Sifel, fiera di attrezzature e servizi dedicati al settore enologico.\",\"breadcrumb\":{\"@id\":\"https:\\\/\\\/www.wikeeps.com\\\/it\\\/wikeeps-al-vinitech-sifel-2016\\\/#breadcrumb\"},\"inLanguage\":\"it-IT\",\"potentialAction\":[{\"@type\":\"ReadAction\",\"target\":[\"https:\\\/\\\/www.wikeeps.com\\\/it\\\/wikeeps-al-vinitech-sifel-2016\\\/\"]}]},{\"@type\":\"ImageObject\",\"inLanguage\":\"it-IT\",\"@id\":\"https:\\\/\\\/www.wikeeps.com\\\/it\\\/wikeeps-al-vinitech-sifel-2016\\\/#primaryimage\",\"url\":\"https:\\\/\\\/www.wikeeps.com\\\/wp-content\\\/uploads\\\/2017\\\/06\\\/1200x680_vienxpo_dedans.jpg\",\"contentUrl\":\"https:\\\/\\\/www.wikeeps.com\\\/wp-content\\\/uploads\\\/2017\\\/06\\\/1200x680_vienxpo_dedans.jpg\",\"width\":1200,\"height\":680,\"caption\":\"Salon Vinexpo\"},{\"@type\":\"BreadcrumbList\",\"@id\":\"https:\\\/\\\/www.wikeeps.com\\\/it\\\/wikeeps-al-vinitech-sifel-2016\\\/#breadcrumb\",\"itemListElement\":[{\"@type\":\"ListItem\",\"position\":1,\"name\":\"Accueil\",\"item\":\"https:\\\/\\\/www.wikeeps.com\\\/it\\\/vino-al-calice\\\/\"},{\"@type\":\"ListItem\",\"position\":2,\"name\":\"Wikeeps al Vinitech Sifel 2016\"}]},{\"@type\":\"WebSite\",\"@id\":\"https:\\\/\\\/www.wikeeps.com\\\/it\\\/#website\",\"url\":\"https:\\\/\\\/www.wikeeps.com\\\/it\\\/\",\"name\":\"Wikeeps\",\"description\":\"Service, a\u00e9ration et conservation | vin au verre\",\"publisher\":{\"@id\":\"https:\\\/\\\/www.wikeeps.com\\\/it\\\/#organization\"},\"potentialAction\":[{\"@type\":\"SearchAction\",\"target\":{\"@type\":\"EntryPoint\",\"urlTemplate\":\"https:\\\/\\\/www.wikeeps.com\\\/it\\\/?s={search_term_string}\"},\"query-input\":{\"@type\":\"PropertyValueSpecification\",\"valueRequired\":true,\"valueName\":\"search_term_string\"}}],\"inLanguage\":\"it-IT\"},{\"@type\":\"Organization\",\"@id\":\"https:\\\/\\\/www.wikeeps.com\\\/it\\\/#organization\",\"name\":\"Wikeeps\",\"url\":\"https:\\\/\\\/www.wikeeps.com\\\/it\\\/\",\"logo\":{\"@type\":\"ImageObject\",\"inLanguage\":\"it-IT\",\"@id\":\"https:\\\/\\\/www.wikeeps.com\\\/it\\\/#\\\/schema\\\/logo\\\/image\\\/\",\"url\":\"https:\\\/\\\/www.wikeeps.com\\\/wp-content\\\/uploads\\\/2025\\\/01\\\/Logo-Wikeeps.png\",\"contentUrl\":\"https:\\\/\\\/www.wikeeps.com\\\/wp-content\\\/uploads\\\/2025\\\/01\\\/Logo-Wikeeps.png\",\"width\":1000,\"height\":184,\"caption\":\"Wikeeps\"},\"image\":{\"@id\":\"https:\\\/\\\/www.wikeeps.com\\\/it\\\/#\\\/schema\\\/logo\\\/image\\\/\"},\"sameAs\":[\"https:\\\/\\\/www.facebook.com\\\/wikeepsFr\",\"https:\\\/\\\/x.com\\\/WIKEEPS\",\"https:\\\/\\\/www.instagram.com\\\/wikeeps\\\/\"]},{\"@type\":\"Person\",\"@id\":\"https:\\\/\\\/www.wikeeps.com\\\/it\\\/#\\\/schema\\\/person\\\/9533d59e9a6af1774531ac1bc57e4ba9\",\"name\":\"Laurent Prigent\",\"image\":{\"@type\":\"ImageObject\",\"inLanguage\":\"it-IT\",\"@id\":\"https:\\\/\\\/secure.gravatar.com\\\/avatar\\\/02724f4a511dc2b29adea07e86ba232e43d2c6bc729f4b66504f2bc698619e16?s=96&d=mm&r=g\",\"url\":\"https:\\\/\\\/secure.gravatar.com\\\/avatar\\\/02724f4a511dc2b29adea07e86ba232e43d2c6bc729f4b66504f2bc698619e16?s=96&d=mm&r=g\",\"contentUrl\":\"https:\\\/\\\/secure.gravatar.com\\\/avatar\\\/02724f4a511dc2b29adea07e86ba232e43d2c6bc729f4b66504f2bc698619e16?s=96&d=mm&r=g\",\"caption\":\"Laurent Prigent\"},\"sameAs\":[\"https:\\\/\\\/wikeeps.com\"]}]}<\/script>\n<!-- \/ Yoast SEO plugin. -->","yoast_head_json":{"title":"Wikeeps al Vinitech Sifel 2016 - Wikeeps","description":"WIKEEPS torna anche quest'anno al Salon Vinitech Sifel, fiera di attrezzature e servizi dedicati al settore enologico.","robots":{"index":"index","follow":"follow","max-snippet":"max-snippet:-1","max-image-preview":"max-image-preview:large","max-video-preview":"max-video-preview:-1"},"canonical":"https:\/\/www.wikeeps.com\/it\/wikeeps-al-vinitech-sifel-2016\/","og_locale":"it_IT","og_type":"article","og_title":"Wikeeps al Vinitech Sifel 2016 - Wikeeps","og_description":"WIKEEPS torna anche quest'anno al Salon Vinitech Sifel, fiera di attrezzature e servizi dedicati al settore enologico.","og_url":"https:\/\/www.wikeeps.com\/it\/wikeeps-al-vinitech-sifel-2016\/","og_site_name":"Wikeeps","article_publisher":"https:\/\/www.facebook.com\/wikeepsFr","article_published_time":"2023-08-18T08:09:32+00:00","article_modified_time":"2023-09-21T08:44:28+00:00","og_image":[{"width":1200,"height":680,"url":"https:\/\/www.wikeeps.com\/wp-content\/uploads\/2017\/06\/1200x680_vienxpo_dedans.jpg","type":"image\/jpeg"}],"author":"Laurent Prigent","twitter_card":"summary_large_image","twitter_creator":"@WIKEEPS","twitter_site":"@WIKEEPS","twitter_misc":{"Scritto da":"Laurent Prigent","Tempo di lettura stimato":"3 minuti"},"schema":{"@context":"https:\/\/schema.org","@graph":[{"@type":"Article","@id":"https:\/\/www.wikeeps.com\/it\/wikeeps-al-vinitech-sifel-2016\/#article","isPartOf":{"@id":"https:\/\/www.wikeeps.com\/it\/wikeeps-al-vinitech-sifel-2016\/"},"author":{"name":"Laurent Prigent","@id":"https:\/\/www.wikeeps.com\/it\/#\/schema\/person\/9533d59e9a6af1774531ac1bc57e4ba9"},"headline":"Wikeeps al Vinitech Sifel 2016","datePublished":"2023-08-18T08:09:32+00:00","dateModified":"2023-09-21T08:44:28+00:00","mainEntityOfPage":{"@id":"https:\/\/www.wikeeps.com\/it\/wikeeps-al-vinitech-sifel-2016\/"},"wordCount":399,"publisher":{"@id":"https:\/\/www.wikeeps.com\/it\/#organization"},"image":{"@id":"https:\/\/www.wikeeps.com\/it\/wikeeps-al-vinitech-sifel-2016\/#primaryimage"},"thumbnailUrl":"https:\/\/www.wikeeps.com\/wp-content\/uploads\/2017\/06\/1200x680_vienxpo_dedans.jpg","articleSection":["A proposito di Wikeeps"],"inLanguage":"it-IT"},{"@type":"WebPage","@id":"https:\/\/www.wikeeps.com\/it\/wikeeps-al-vinitech-sifel-2016\/","url":"https:\/\/www.wikeeps.com\/it\/wikeeps-al-vinitech-sifel-2016\/","name":"Wikeeps al Vinitech Sifel 2016 - Wikeeps","isPartOf":{"@id":"https:\/\/www.wikeeps.com\/it\/#website"},"primaryImageOfPage":{"@id":"https:\/\/www.wikeeps.com\/it\/wikeeps-al-vinitech-sifel-2016\/#primaryimage"},"image":{"@id":"https:\/\/www.wikeeps.com\/it\/wikeeps-al-vinitech-sifel-2016\/#primaryimage"},"thumbnailUrl":"https:\/\/www.wikeeps.com\/wp-content\/uploads\/2017\/06\/1200x680_vienxpo_dedans.jpg","datePublished":"2023-08-18T08:09:32+00:00","dateModified":"2023-09-21T08:44:28+00:00","description":"WIKEEPS torna anche quest'anno al Salon Vinitech Sifel, fiera di attrezzature e servizi dedicati al settore enologico.","breadcrumb":{"@id":"https:\/\/www.wikeeps.com\/it\/wikeeps-al-vinitech-sifel-2016\/#breadcrumb"},"inLanguage":"it-IT","potentialAction":[{"@type":"ReadAction","target":["https:\/\/www.wikeeps.com\/it\/wikeeps-al-vinitech-sifel-2016\/"]}]},{"@type":"ImageObject","inLanguage":"it-IT","@id":"https:\/\/www.wikeeps.com\/it\/wikeeps-al-vinitech-sifel-2016\/#primaryimage","url":"https:\/\/www.wikeeps.com\/wp-content\/uploads\/2017\/06\/1200x680_vienxpo_dedans.jpg","contentUrl":"https:\/\/www.wikeeps.com\/wp-content\/uploads\/2017\/06\/1200x680_vienxpo_dedans.jpg","width":1200,"height":680,"caption":"Salon Vinexpo"},{"@type":"BreadcrumbList","@id":"https:\/\/www.wikeeps.com\/it\/wikeeps-al-vinitech-sifel-2016\/#breadcrumb","itemListElement":[{"@type":"ListItem","position":1,"name":"Accueil","item":"https:\/\/www.wikeeps.com\/it\/vino-al-calice\/"},{"@type":"ListItem","position":2,"name":"Wikeeps al Vinitech Sifel 2016"}]},{"@type":"WebSite","@id":"https:\/\/www.wikeeps.com\/it\/#website","url":"https:\/\/www.wikeeps.com\/it\/","name":"Wikeeps","description":"Service, a\u00e9ration et conservation | vin au verre","publisher":{"@id":"https:\/\/www.wikeeps.com\/it\/#organization"},"potentialAction":[{"@type":"SearchAction","target":{"@type":"EntryPoint","urlTemplate":"https:\/\/www.wikeeps.com\/it\/?s={search_term_string}"},"query-input":{"@type":"PropertyValueSpecification","valueRequired":true,"valueName":"search_term_string"}}],"inLanguage":"it-IT"},{"@type":"Organization","@id":"https:\/\/www.wikeeps.com\/it\/#organization","name":"Wikeeps","url":"https:\/\/www.wikeeps.com\/it\/","logo":{"@type":"ImageObject","inLanguage":"it-IT","@id":"https:\/\/www.wikeeps.com\/it\/#\/schema\/logo\/image\/","url":"https:\/\/www.wikeeps.com\/wp-content\/uploads\/2025\/01\/Logo-Wikeeps.png","contentUrl":"https:\/\/www.wikeeps.com\/wp-content\/uploads\/2025\/01\/Logo-Wikeeps.png","width":1000,"height":184,"caption":"Wikeeps"},"image":{"@id":"https:\/\/www.wikeeps.com\/it\/#\/schema\/logo\/image\/"},"sameAs":["https:\/\/www.facebook.com\/wikeepsFr","https:\/\/x.com\/WIKEEPS","https:\/\/www.instagram.com\/wikeeps\/"]},{"@type":"Person","@id":"https:\/\/www.wikeeps.com\/it\/#\/schema\/person\/9533d59e9a6af1774531ac1bc57e4ba9","name":"Laurent Prigent","image":{"@type":"ImageObject","inLanguage":"it-IT","@id":"https:\/\/secure.gravatar.com\/avatar\/02724f4a511dc2b29adea07e86ba232e43d2c6bc729f4b66504f2bc698619e16?s=96&d=mm&r=g","url":"https:\/\/secure.gravatar.com\/avatar\/02724f4a511dc2b29adea07e86ba232e43d2c6bc729f4b66504f2bc698619e16?s=96&d=mm&r=g","contentUrl":"https:\/\/secure.gravatar.com\/avatar\/02724f4a511dc2b29adea07e86ba232e43d2c6bc729f4b66504f2bc698619e16?s=96&d=mm&r=g","caption":"Laurent Prigent"},"sameAs":["https:\/\/wikeeps.com"]}]}},"_links":{"self":[{"href":"https:\/\/www.wikeeps.com\/it\/wp-json\/wp\/v2\/posts\/23426","targetHints":{"allow":["GET"]}}],"collection":[{"href":"https:\/\/www.wikeeps.com\/it\/wp-json\/wp\/v2\/posts"}],"about":[{"href":"https:\/\/www.wikeeps.com\/it\/wp-json\/wp\/v2\/types\/post"}],"author":[{"embeddable":true,"href":"https:\/\/www.wikeeps.com\/it\/wp-json\/wp\/v2\/users\/551"}],"replies":[{"embeddable":true,"href":"https:\/\/www.wikeeps.com\/it\/wp-json\/wp\/v2\/comments?post=23426"}],"version-history":[{"count":0,"href":"https:\/\/www.wikeeps.com\/it\/wp-json\/wp\/v2\/posts\/23426\/revisions"}],"wp:featuredmedia":[{"embeddable":true,"href":"https:\/\/www.wikeeps.com\/it\/wp-json\/wp\/v2\/media\/22543"}],"wp:attachment":[{"href":"https:\/\/www.wikeeps.com\/it\/wp-json\/wp\/v2\/media?parent=23426"}],"wp:term":[{"taxonomy":"category","embeddable":true,"href":"https:\/\/www.wikeeps.com\/it\/wp-json\/wp\/v2\/categories?post=23426"},{"taxonomy":"post_tag","embeddable":true,"href":"https:\/\/www.wikeeps.com\/it\/wp-json\/wp\/v2\/tags?post=23426"}],"curies":[{"name":"wp","href":"https:\/\/api.w.org\/{rel}","templated":true}]}}