{"id":23336,"date":"2023-08-17T11:07:21","date_gmt":"2023-08-17T09:07:21","guid":{"rendered":"https:\/\/www.wikeeps.com\/?p=23336"},"modified":"2023-09-21T10:56:27","modified_gmt":"2023-09-21T08:56:27","slug":"wikeeps-a-prowein","status":"publish","type":"post","link":"https:\/\/www.wikeeps.com\/it\/wikeeps-a-prowein\/","title":{"rendered":"WIKEEPS a Prowein"},"content":{"rendered":"<h2>Qualche parola sullo spettacolo<\/h2>\n<p><a href=\"https:\/\/www.prowein.fr\/fr\/Press_releases\/Le_salon_ProWein_2023_Le_Who_s_Who_de_la_branche_du_vin_et_des_spiritueux\"><strong>La fiera internazionale del vino<\/strong><\/a> e degli alcolici Prowein \u00e8 organizzata dal gruppo Messe Dusseldorf a Dusseldorf, in Germania, ogni anno dal 1994. \u00c8 riservata esclusivamente ai professionisti del vino (commercio, alberghi, ristoranti, enoteche) e si svolge presso il Centro Esposizioni di Dusseldorf dal 19 al 21 marzo.<\/p>\n<p>Con una presenza media di 44.000 visitatori all&#8217;anno, Prowein \u00e8 uno dei pi\u00f9 grandi raduni al mondo di specialisti internazionali del vino e degli alcolici.<\/p>\n<p>&nbsp;<\/p>\n<p><img decoding=\"async\" class=\"aligncenter wp-image-22541 size-large\" src=\"https:\/\/www.wikeeps.com\/wp-content\/uploads\/2017\/06\/1200x680_vienxpo_dedans-1024x580.jpg\" alt=\"Salon Vinexpo\" width=\"1024\" height=\"580\" srcset=\"https:\/\/www.wikeeps.com\/wp-content\/uploads\/2017\/06\/1200x680_vienxpo_dedans-1024x580.jpg 1024w, https:\/\/www.wikeeps.com\/wp-content\/uploads\/2017\/06\/1200x680_vienxpo_dedans-980x555.jpg 980w, https:\/\/www.wikeeps.com\/wp-content\/uploads\/2017\/06\/1200x680_vienxpo_dedans-480x272.jpg 480w\" sizes=\"(min-width: 0px) and (max-width: 480px) 480px, (min-width: 481px) and (max-width: 980px) 980px, (min-width: 981px) 1024px, 100vw\" \/><\/p>\n<p>&nbsp;<\/p>\n<p>Si prevede che l&#8217;edizione 2017 accoglier\u00e0 pi\u00f9 di 5.000 espositori provenienti dai quattro angoli del mondo. Mentre la maggior parte degli espositori \u00e8 europea, il numero di espositori provenienti da Stati Uniti, Sudafrica, Australia, Cile e altri paesi \u00e8 aumentato di anno in anno.<\/p>\n<p>Prowein \u00e8 anche una fucina di nuove tendenze e innovazioni nel mondo del vino. Ad esempio, sono stati introdotti nuovi concetti di tappi a vite e nuovi tipi di vino in lattina.<\/p>\n<h2><\/h2>\n<h2>Partecipazione di WIKEEPS<\/h2>\n<p>Quest&#8217;anno Wikeeps sar\u00e0 presente per presentare i suoi prodotti e dimostrare le sue innovazioni. Saremo presenti allo stand Grands Chais de France &#8211; Padiglione 12 Stand D30 &#8211; per conservare e servire un Imp\u00e9riale 6L de Bonnezeaux per tutta la durata del Salone.<\/p>\n<p><a href=\"https:\/\/www.wikeeps.com\/it\/benefici-di-wikeeps\/\"><strong>Il sistema Wikeeps<\/strong><\/a> \u00e8 un concentrato di eleganza e innovazione che vi permetter\u00e0 di conservare le vostre migliori bottiglie fino a 20 giorni dopo l&#8217;apertura grazie all&#8217;utilizzo di gas enologici, per poi servire il vino al bicchiere mantenendo il prezioso nettare alla temperatura ideale.<\/p>\n<p>I prodotti WIKEEPS sono pensati per gli amanti del vino e per i professionisti della ristorazione, dell&#8217;enologia e della viticoltura. Daranno una marcia in pi\u00f9 alle vostre degustazioni e vi aiuteranno a risparmiare allo stesso tempo.<\/p>\n<p>Unisciti alla comunit\u00e0 WIKEEPS!<\/p>\n","protected":false},"excerpt":{"rendered":"<p>Qualche parola sullo spettacolo La fiera internazionale del vino e degli alcolici Prowein \u00e8 organizzata dal gruppo Messe Dusseldorf a Dusseldorf, in Germania, ogni anno dal 1994. \u00c8 riservata esclusivamente ai professionisti del vino (commercio, alberghi, ristoranti, enoteche) e si svolge presso il Centro Esposizioni di Dusseldorf dal 19 al 21 marzo. Con una presenza [&hellip;]<\/p>\n","protected":false},"author":551,"featured_media":22543,"comment_status":"closed","ping_status":"closed","sticky":false,"template":"","format":"standard","meta":{"_et_pb_use_builder":"","_et_pb_old_content":"","_et_gb_content_width":"","footnotes":""},"categories":[366],"tags":[],"class_list":["post-23336","post","type-post","status-publish","format-standard","has-post-thumbnail","hentry","category-a-proposito-di-wikeeps-it"],"yoast_head":"<!-- This site is optimized with the Yoast SEO plugin v27.4 - https:\/\/yoast.com\/product\/yoast-seo-wordpress\/ -->\n<title>WIKEEPS a Prowein - Wikeeps<\/title>\n<meta name=\"description\" content=\"Scopri la fiera internazionale del vino Prowein organizzata a Dusseldorf per i professionisti del vino e un incubatore di innovazioni del vino\" \/>\n<meta name=\"robots\" content=\"index, follow, max-snippet:-1, max-image-preview:large, max-video-preview:-1\" \/>\n<link rel=\"canonical\" href=\"https:\/\/www.wikeeps.com\/it\/wikeeps-a-prowein\/\" \/>\n<meta property=\"og:locale\" content=\"it_IT\" \/>\n<meta property=\"og:type\" content=\"article\" \/>\n<meta property=\"og:title\" content=\"WIKEEPS a Prowein - Wikeeps\" \/>\n<meta property=\"og:description\" content=\"Scopri la fiera internazionale del vino Prowein organizzata a Dusseldorf per i professionisti del vino e un incubatore di innovazioni del vino\" \/>\n<meta property=\"og:url\" content=\"https:\/\/www.wikeeps.com\/it\/wikeeps-a-prowein\/\" \/>\n<meta property=\"og:site_name\" content=\"Wikeeps\" \/>\n<meta property=\"article:publisher\" content=\"https:\/\/www.facebook.com\/wikeepsFr\" \/>\n<meta property=\"article:published_time\" content=\"2023-08-17T09:07:21+00:00\" \/>\n<meta property=\"article:modified_time\" content=\"2023-09-21T08:56:27+00:00\" \/>\n<meta property=\"og:image\" content=\"https:\/\/www.wikeeps.com\/wp-content\/uploads\/2017\/06\/1200x680_vienxpo_dedans.jpg\" \/>\n\t<meta property=\"og:image:width\" content=\"1200\" \/>\n\t<meta property=\"og:image:height\" content=\"680\" \/>\n\t<meta property=\"og:image:type\" content=\"image\/jpeg\" \/>\n<meta name=\"author\" content=\"Laurent Prigent\" \/>\n<meta name=\"twitter:card\" content=\"summary_large_image\" \/>\n<meta name=\"twitter:creator\" content=\"@WIKEEPS\" \/>\n<meta name=\"twitter:site\" content=\"@WIKEEPS\" \/>\n<meta name=\"twitter:label1\" content=\"Scritto da\" \/>\n\t<meta name=\"twitter:data1\" content=\"Laurent Prigent\" \/>\n\t<meta name=\"twitter:label2\" content=\"Tempo di lettura stimato\" \/>\n\t<meta name=\"twitter:data2\" content=\"2 minuti\" \/>\n<script type=\"application\/ld+json\" class=\"yoast-schema-graph\">{\"@context\":\"https:\\\/\\\/schema.org\",\"@graph\":[{\"@type\":\"Article\",\"@id\":\"https:\\\/\\\/www.wikeeps.com\\\/it\\\/wikeeps-a-prowein\\\/#article\",\"isPartOf\":{\"@id\":\"https:\\\/\\\/www.wikeeps.com\\\/it\\\/wikeeps-a-prowein\\\/\"},\"author\":{\"name\":\"Laurent Prigent\",\"@id\":\"https:\\\/\\\/www.wikeeps.com\\\/it\\\/#\\\/schema\\\/person\\\/9533d59e9a6af1774531ac1bc57e4ba9\"},\"headline\":\"WIKEEPS a Prowein\",\"datePublished\":\"2023-08-17T09:07:21+00:00\",\"dateModified\":\"2023-09-21T08:56:27+00:00\",\"mainEntityOfPage\":{\"@id\":\"https:\\\/\\\/www.wikeeps.com\\\/it\\\/wikeeps-a-prowein\\\/\"},\"wordCount\":280,\"publisher\":{\"@id\":\"https:\\\/\\\/www.wikeeps.com\\\/it\\\/#organization\"},\"image\":{\"@id\":\"https:\\\/\\\/www.wikeeps.com\\\/it\\\/wikeeps-a-prowein\\\/#primaryimage\"},\"thumbnailUrl\":\"https:\\\/\\\/www.wikeeps.com\\\/wp-content\\\/uploads\\\/2017\\\/06\\\/1200x680_vienxpo_dedans.jpg\",\"articleSection\":[\"A proposito di Wikeeps\"],\"inLanguage\":\"it-IT\"},{\"@type\":\"WebPage\",\"@id\":\"https:\\\/\\\/www.wikeeps.com\\\/it\\\/wikeeps-a-prowein\\\/\",\"url\":\"https:\\\/\\\/www.wikeeps.com\\\/it\\\/wikeeps-a-prowein\\\/\",\"name\":\"WIKEEPS a Prowein - Wikeeps\",\"isPartOf\":{\"@id\":\"https:\\\/\\\/www.wikeeps.com\\\/it\\\/#website\"},\"primaryImageOfPage\":{\"@id\":\"https:\\\/\\\/www.wikeeps.com\\\/it\\\/wikeeps-a-prowein\\\/#primaryimage\"},\"image\":{\"@id\":\"https:\\\/\\\/www.wikeeps.com\\\/it\\\/wikeeps-a-prowein\\\/#primaryimage\"},\"thumbnailUrl\":\"https:\\\/\\\/www.wikeeps.com\\\/wp-content\\\/uploads\\\/2017\\\/06\\\/1200x680_vienxpo_dedans.jpg\",\"datePublished\":\"2023-08-17T09:07:21+00:00\",\"dateModified\":\"2023-09-21T08:56:27+00:00\",\"description\":\"Scopri la fiera internazionale del vino Prowein organizzata a Dusseldorf per i professionisti del vino e un incubatore di innovazioni del vino\",\"breadcrumb\":{\"@id\":\"https:\\\/\\\/www.wikeeps.com\\\/it\\\/wikeeps-a-prowein\\\/#breadcrumb\"},\"inLanguage\":\"it-IT\",\"potentialAction\":[{\"@type\":\"ReadAction\",\"target\":[\"https:\\\/\\\/www.wikeeps.com\\\/it\\\/wikeeps-a-prowein\\\/\"]}]},{\"@type\":\"ImageObject\",\"inLanguage\":\"it-IT\",\"@id\":\"https:\\\/\\\/www.wikeeps.com\\\/it\\\/wikeeps-a-prowein\\\/#primaryimage\",\"url\":\"https:\\\/\\\/www.wikeeps.com\\\/wp-content\\\/uploads\\\/2017\\\/06\\\/1200x680_vienxpo_dedans.jpg\",\"contentUrl\":\"https:\\\/\\\/www.wikeeps.com\\\/wp-content\\\/uploads\\\/2017\\\/06\\\/1200x680_vienxpo_dedans.jpg\",\"width\":1200,\"height\":680,\"caption\":\"Salon Vinexpo\"},{\"@type\":\"BreadcrumbList\",\"@id\":\"https:\\\/\\\/www.wikeeps.com\\\/it\\\/wikeeps-a-prowein\\\/#breadcrumb\",\"itemListElement\":[{\"@type\":\"ListItem\",\"position\":1,\"name\":\"Accueil\",\"item\":\"https:\\\/\\\/www.wikeeps.com\\\/it\\\/vino-al-calice\\\/\"},{\"@type\":\"ListItem\",\"position\":2,\"name\":\"WIKEEPS a Prowein\"}]},{\"@type\":\"WebSite\",\"@id\":\"https:\\\/\\\/www.wikeeps.com\\\/it\\\/#website\",\"url\":\"https:\\\/\\\/www.wikeeps.com\\\/it\\\/\",\"name\":\"Wikeeps\",\"description\":\"Service, a\u00e9ration et conservation | vin au verre\",\"publisher\":{\"@id\":\"https:\\\/\\\/www.wikeeps.com\\\/it\\\/#organization\"},\"potentialAction\":[{\"@type\":\"SearchAction\",\"target\":{\"@type\":\"EntryPoint\",\"urlTemplate\":\"https:\\\/\\\/www.wikeeps.com\\\/it\\\/?s={search_term_string}\"},\"query-input\":{\"@type\":\"PropertyValueSpecification\",\"valueRequired\":true,\"valueName\":\"search_term_string\"}}],\"inLanguage\":\"it-IT\"},{\"@type\":\"Organization\",\"@id\":\"https:\\\/\\\/www.wikeeps.com\\\/it\\\/#organization\",\"name\":\"Wikeeps\",\"url\":\"https:\\\/\\\/www.wikeeps.com\\\/it\\\/\",\"logo\":{\"@type\":\"ImageObject\",\"inLanguage\":\"it-IT\",\"@id\":\"https:\\\/\\\/www.wikeeps.com\\\/it\\\/#\\\/schema\\\/logo\\\/image\\\/\",\"url\":\"https:\\\/\\\/www.wikeeps.com\\\/wp-content\\\/uploads\\\/2025\\\/01\\\/Logo-Wikeeps.png\",\"contentUrl\":\"https:\\\/\\\/www.wikeeps.com\\\/wp-content\\\/uploads\\\/2025\\\/01\\\/Logo-Wikeeps.png\",\"width\":1000,\"height\":184,\"caption\":\"Wikeeps\"},\"image\":{\"@id\":\"https:\\\/\\\/www.wikeeps.com\\\/it\\\/#\\\/schema\\\/logo\\\/image\\\/\"},\"sameAs\":[\"https:\\\/\\\/www.facebook.com\\\/wikeepsFr\",\"https:\\\/\\\/x.com\\\/WIKEEPS\",\"https:\\\/\\\/www.instagram.com\\\/wikeeps\\\/\"]},{\"@type\":\"Person\",\"@id\":\"https:\\\/\\\/www.wikeeps.com\\\/it\\\/#\\\/schema\\\/person\\\/9533d59e9a6af1774531ac1bc57e4ba9\",\"name\":\"Laurent Prigent\",\"image\":{\"@type\":\"ImageObject\",\"inLanguage\":\"it-IT\",\"@id\":\"https:\\\/\\\/secure.gravatar.com\\\/avatar\\\/02724f4a511dc2b29adea07e86ba232e43d2c6bc729f4b66504f2bc698619e16?s=96&d=mm&r=g\",\"url\":\"https:\\\/\\\/secure.gravatar.com\\\/avatar\\\/02724f4a511dc2b29adea07e86ba232e43d2c6bc729f4b66504f2bc698619e16?s=96&d=mm&r=g\",\"contentUrl\":\"https:\\\/\\\/secure.gravatar.com\\\/avatar\\\/02724f4a511dc2b29adea07e86ba232e43d2c6bc729f4b66504f2bc698619e16?s=96&d=mm&r=g\",\"caption\":\"Laurent Prigent\"},\"sameAs\":[\"https:\\\/\\\/wikeeps.com\"]}]}<\/script>\n<!-- \/ Yoast SEO plugin. -->","yoast_head_json":{"title":"WIKEEPS a Prowein - Wikeeps","description":"Scopri la fiera internazionale del vino Prowein organizzata a Dusseldorf per i professionisti del vino e un incubatore di innovazioni del vino","robots":{"index":"index","follow":"follow","max-snippet":"max-snippet:-1","max-image-preview":"max-image-preview:large","max-video-preview":"max-video-preview:-1"},"canonical":"https:\/\/www.wikeeps.com\/it\/wikeeps-a-prowein\/","og_locale":"it_IT","og_type":"article","og_title":"WIKEEPS a Prowein - Wikeeps","og_description":"Scopri la fiera internazionale del vino Prowein organizzata a Dusseldorf per i professionisti del vino e un incubatore di innovazioni del vino","og_url":"https:\/\/www.wikeeps.com\/it\/wikeeps-a-prowein\/","og_site_name":"Wikeeps","article_publisher":"https:\/\/www.facebook.com\/wikeepsFr","article_published_time":"2023-08-17T09:07:21+00:00","article_modified_time":"2023-09-21T08:56:27+00:00","og_image":[{"width":1200,"height":680,"url":"https:\/\/www.wikeeps.com\/wp-content\/uploads\/2017\/06\/1200x680_vienxpo_dedans.jpg","type":"image\/jpeg"}],"author":"Laurent Prigent","twitter_card":"summary_large_image","twitter_creator":"@WIKEEPS","twitter_site":"@WIKEEPS","twitter_misc":{"Scritto da":"Laurent Prigent","Tempo di lettura stimato":"2 minuti"},"schema":{"@context":"https:\/\/schema.org","@graph":[{"@type":"Article","@id":"https:\/\/www.wikeeps.com\/it\/wikeeps-a-prowein\/#article","isPartOf":{"@id":"https:\/\/www.wikeeps.com\/it\/wikeeps-a-prowein\/"},"author":{"name":"Laurent Prigent","@id":"https:\/\/www.wikeeps.com\/it\/#\/schema\/person\/9533d59e9a6af1774531ac1bc57e4ba9"},"headline":"WIKEEPS a Prowein","datePublished":"2023-08-17T09:07:21+00:00","dateModified":"2023-09-21T08:56:27+00:00","mainEntityOfPage":{"@id":"https:\/\/www.wikeeps.com\/it\/wikeeps-a-prowein\/"},"wordCount":280,"publisher":{"@id":"https:\/\/www.wikeeps.com\/it\/#organization"},"image":{"@id":"https:\/\/www.wikeeps.com\/it\/wikeeps-a-prowein\/#primaryimage"},"thumbnailUrl":"https:\/\/www.wikeeps.com\/wp-content\/uploads\/2017\/06\/1200x680_vienxpo_dedans.jpg","articleSection":["A proposito di Wikeeps"],"inLanguage":"it-IT"},{"@type":"WebPage","@id":"https:\/\/www.wikeeps.com\/it\/wikeeps-a-prowein\/","url":"https:\/\/www.wikeeps.com\/it\/wikeeps-a-prowein\/","name":"WIKEEPS a Prowein - Wikeeps","isPartOf":{"@id":"https:\/\/www.wikeeps.com\/it\/#website"},"primaryImageOfPage":{"@id":"https:\/\/www.wikeeps.com\/it\/wikeeps-a-prowein\/#primaryimage"},"image":{"@id":"https:\/\/www.wikeeps.com\/it\/wikeeps-a-prowein\/#primaryimage"},"thumbnailUrl":"https:\/\/www.wikeeps.com\/wp-content\/uploads\/2017\/06\/1200x680_vienxpo_dedans.jpg","datePublished":"2023-08-17T09:07:21+00:00","dateModified":"2023-09-21T08:56:27+00:00","description":"Scopri la fiera internazionale del vino Prowein organizzata a Dusseldorf per i professionisti del vino e un incubatore di innovazioni del vino","breadcrumb":{"@id":"https:\/\/www.wikeeps.com\/it\/wikeeps-a-prowein\/#breadcrumb"},"inLanguage":"it-IT","potentialAction":[{"@type":"ReadAction","target":["https:\/\/www.wikeeps.com\/it\/wikeeps-a-prowein\/"]}]},{"@type":"ImageObject","inLanguage":"it-IT","@id":"https:\/\/www.wikeeps.com\/it\/wikeeps-a-prowein\/#primaryimage","url":"https:\/\/www.wikeeps.com\/wp-content\/uploads\/2017\/06\/1200x680_vienxpo_dedans.jpg","contentUrl":"https:\/\/www.wikeeps.com\/wp-content\/uploads\/2017\/06\/1200x680_vienxpo_dedans.jpg","width":1200,"height":680,"caption":"Salon Vinexpo"},{"@type":"BreadcrumbList","@id":"https:\/\/www.wikeeps.com\/it\/wikeeps-a-prowein\/#breadcrumb","itemListElement":[{"@type":"ListItem","position":1,"name":"Accueil","item":"https:\/\/www.wikeeps.com\/it\/vino-al-calice\/"},{"@type":"ListItem","position":2,"name":"WIKEEPS a Prowein"}]},{"@type":"WebSite","@id":"https:\/\/www.wikeeps.com\/it\/#website","url":"https:\/\/www.wikeeps.com\/it\/","name":"Wikeeps","description":"Service, a\u00e9ration et conservation | vin au verre","publisher":{"@id":"https:\/\/www.wikeeps.com\/it\/#organization"},"potentialAction":[{"@type":"SearchAction","target":{"@type":"EntryPoint","urlTemplate":"https:\/\/www.wikeeps.com\/it\/?s={search_term_string}"},"query-input":{"@type":"PropertyValueSpecification","valueRequired":true,"valueName":"search_term_string"}}],"inLanguage":"it-IT"},{"@type":"Organization","@id":"https:\/\/www.wikeeps.com\/it\/#organization","name":"Wikeeps","url":"https:\/\/www.wikeeps.com\/it\/","logo":{"@type":"ImageObject","inLanguage":"it-IT","@id":"https:\/\/www.wikeeps.com\/it\/#\/schema\/logo\/image\/","url":"https:\/\/www.wikeeps.com\/wp-content\/uploads\/2025\/01\/Logo-Wikeeps.png","contentUrl":"https:\/\/www.wikeeps.com\/wp-content\/uploads\/2025\/01\/Logo-Wikeeps.png","width":1000,"height":184,"caption":"Wikeeps"},"image":{"@id":"https:\/\/www.wikeeps.com\/it\/#\/schema\/logo\/image\/"},"sameAs":["https:\/\/www.facebook.com\/wikeepsFr","https:\/\/x.com\/WIKEEPS","https:\/\/www.instagram.com\/wikeeps\/"]},{"@type":"Person","@id":"https:\/\/www.wikeeps.com\/it\/#\/schema\/person\/9533d59e9a6af1774531ac1bc57e4ba9","name":"Laurent Prigent","image":{"@type":"ImageObject","inLanguage":"it-IT","@id":"https:\/\/secure.gravatar.com\/avatar\/02724f4a511dc2b29adea07e86ba232e43d2c6bc729f4b66504f2bc698619e16?s=96&d=mm&r=g","url":"https:\/\/secure.gravatar.com\/avatar\/02724f4a511dc2b29adea07e86ba232e43d2c6bc729f4b66504f2bc698619e16?s=96&d=mm&r=g","contentUrl":"https:\/\/secure.gravatar.com\/avatar\/02724f4a511dc2b29adea07e86ba232e43d2c6bc729f4b66504f2bc698619e16?s=96&d=mm&r=g","caption":"Laurent Prigent"},"sameAs":["https:\/\/wikeeps.com"]}]}},"_links":{"self":[{"href":"https:\/\/www.wikeeps.com\/it\/wp-json\/wp\/v2\/posts\/23336","targetHints":{"allow":["GET"]}}],"collection":[{"href":"https:\/\/www.wikeeps.com\/it\/wp-json\/wp\/v2\/posts"}],"about":[{"href":"https:\/\/www.wikeeps.com\/it\/wp-json\/wp\/v2\/types\/post"}],"author":[{"embeddable":true,"href":"https:\/\/www.wikeeps.com\/it\/wp-json\/wp\/v2\/users\/551"}],"replies":[{"embeddable":true,"href":"https:\/\/www.wikeeps.com\/it\/wp-json\/wp\/v2\/comments?post=23336"}],"version-history":[{"count":0,"href":"https:\/\/www.wikeeps.com\/it\/wp-json\/wp\/v2\/posts\/23336\/revisions"}],"wp:featuredmedia":[{"embeddable":true,"href":"https:\/\/www.wikeeps.com\/it\/wp-json\/wp\/v2\/media\/22543"}],"wp:attachment":[{"href":"https:\/\/www.wikeeps.com\/it\/wp-json\/wp\/v2\/media?parent=23336"}],"wp:term":[{"taxonomy":"category","embeddable":true,"href":"https:\/\/www.wikeeps.com\/it\/wp-json\/wp\/v2\/categories?post=23336"},{"taxonomy":"post_tag","embeddable":true,"href":"https:\/\/www.wikeeps.com\/it\/wp-json\/wp\/v2\/tags?post=23336"}],"curies":[{"name":"wp","href":"https:\/\/api.w.org\/{rel}","templated":true}]}}